{"id":64127,"date":"2026-02-10T09:26:01","date_gmt":"2026-02-10T08:26:01","guid":{"rendered":"http:\/\/www.railfreight.eu\/dr-ne\/?p=64127"},"modified":"2026-02-11T10:02:51","modified_gmt":"2026-02-11T09:02:51","slug":"be-cfl-cargo-mit-evu-plaenen","status":"publish","type":"post","link":"http:\/\/www.railfreight.eu\/dr-ne\/2026-02-10-be-cfl-cargo-mit-evu-plaenen\/","title":{"rendered":"[BE] CFL cargo mit EVU-Pl\u00e4nen"},"content":{"rendered":"\n<p>CFL cargo beabsichtigt das aktuelle Unternehmen CFL port services in eine vollwertige und im Streckendienst aktive EVU-Tochter CFL cargo Belgium umzubauen. Aktuell l\u00e4uft die Personalakquise. \u00dcber ein Sicherheitszertifikat verf\u00fcgt die Muttergesellschaft bereits.<\/p>\n\n\n\n<p>Nach Brancheninformationen will CFL cargo zun\u00e4chst eigene intermodale Shuttles inklusive der ersten und letzten Meile selbst traktionieren. Anschlie\u00dfend soll dem Vernehmen nach der Stahlprofil- und Spundwandzug von Luxemburg nach Antwerpen folgen.<\/p>\n","protected":false},"excerpt":{"rendered":"<p>CFL cargo beabsichtigt das aktuelle Unternehmen CFL port services in eine vollwertige und im Streckendienst aktive EVU-Tochter CFL cargo Belgium umzubauen. Aktuell l\u00e4uft die Personalakquise. \u00dcber ein Sicherheitszertifikat verf\u00fcgt die Muttergesellschaft bereits. Nach Brancheninformationen will CFL cargo zun\u00e4chst eigene intermodale Shuttles inklusive der ersten und letzten Meile selbst traktionieren. Anschlie\u00dfend soll dem Vernehmen nach der &hellip; <\/p>\n<p class=\"link-more\"><a href=\"http:\/\/www.railfreight.eu\/dr-ne\/2026-02-10-be-cfl-cargo-mit-evu-plaenen\/\" class=\"more-link\"><span class=\"screen-reader-text\">\u201e[BE] CFL cargo mit EVU-Pl\u00e4nen\u201c<\/span> weiterlesen<\/a><\/p>\n","protected":false},"author":1,"featured_media":0,"comment_status":"open","ping_status":"open","sticky":false,"template":"","format":"standard","meta":{"footnotes":""},"categories":[13],"tags":[159,342],"class_list":["post-64127","post","type-post","status-publish","format-standard","hentry","category-unternehmen","tag-belgien","tag-cfl-cargo"],"_links":{"self":[{"href":"http:\/\/www.railfreight.eu\/dr-ne\/wp-json\/wp\/v2\/posts\/64127","targetHints":{"allow":["GET"]}}],"collection":[{"href":"http:\/\/www.railfreight.eu\/dr-ne\/wp-json\/wp\/v2\/posts"}],"about":[{"href":"http:\/\/www.railfreight.eu\/dr-ne\/wp-json\/wp\/v2\/types\/post"}],"author":[{"embeddable":true,"href":"http:\/\/www.railfreight.eu\/dr-ne\/wp-json\/wp\/v2\/users\/1"}],"replies":[{"embeddable":true,"href":"http:\/\/www.railfreight.eu\/dr-ne\/wp-json\/wp\/v2\/comments?post=64127"}],"version-history":[{"count":3,"href":"http:\/\/www.railfreight.eu\/dr-ne\/wp-json\/wp\/v2\/posts\/64127\/revisions"}],"predecessor-version":[{"id":64172,"href":"http:\/\/www.railfreight.eu\/dr-ne\/wp-json\/wp\/v2\/posts\/64127\/revisions\/64172"}],"wp:attachment":[{"href":"http:\/\/www.railfreight.eu\/dr-ne\/wp-json\/wp\/v2\/media?parent=64127"}],"wp:term":[{"taxonomy":"category","embeddable":true,"href":"http:\/\/www.railfreight.eu\/dr-ne\/wp-json\/wp\/v2\/categories?post=64127"},{"taxonomy":"post_tag","embeddable":true,"href":"http:\/\/www.railfreight.eu\/dr-ne\/wp-json\/wp\/v2\/tags?post=64127"}],"curies":[{"name":"wp","href":"https:\/\/api.w.org\/{rel}","templated":true}]}}