{"id":66099,"date":"2026-04-21T13:58:36","date_gmt":"2026-04-21T11:58:36","guid":{"rendered":"http:\/\/www.railfreight.eu\/dr-ne\/?p=66099"},"modified":"2026-04-21T20:59:14","modified_gmt":"2026-04-21T18:59:14","slug":"de-estw-rostock-seehafen-geht-in-betrieb","status":"publish","type":"post","link":"http:\/\/www.railfreight.eu\/dr-ne\/2026-04-21-de-estw-rostock-seehafen-geht-in-betrieb\/","title":{"rendered":"[DE] ESTW Rostock-Seehafen geht in Betrieb"},"content":{"rendered":"\n<p>Das neue Elektronische Stellwerk (ESTW) Rostock-Seehafen ist in Betrieb. Das neue ESTW f\u00fchrt sieben \u00e4ltere Stellwerke zusammen. Das Bauwerk wurde am 21.04.2026 offiziell eingeweiht und tr\u00e4gt k\u00fcnftig den Namen \u201eRoter Riese\u201c. Das ist das Ergebnis eines Wettbewerbs unter Besch\u00e4ftigten. Der Titel greift im Wesentlichen die Farbe des Geb\u00e4udes auf. <\/p>\n\n\n\n<p>Spatenstich war im April 2023. Das war der Startschuss f\u00fcr die erste Baustufe des Projekts \u201eZukunft Infrastruktur Rostock Seehafen\u201c. Ende 2032 sollen alle Arbeiten beendet sein.<\/p>\n\n\n\n<figure class=\"wp-block-embed is-type-video is-provider-youtube wp-block-embed-youtube wp-embed-aspect-16-9 wp-has-aspect-ratio\"><div class=\"wp-block-embed__wrapper\">\n<iframe loading=\"lazy\" title=\"AW Construct \u2013 Seehafen Rostock\" width=\"525\" height=\"295\" src=\"https:\/\/www.youtube.com\/embed\/iZYaVxwJMSU?feature=oembed\" frameborder=\"0\" allow=\"accelerometer; autoplay; clipboard-write; encrypted-media; gyroscope; picture-in-picture; web-share\" referrerpolicy=\"strict-origin-when-cross-origin\" allowfullscreen><\/iframe>\n<\/div><\/figure>\n","protected":false},"excerpt":{"rendered":"<p>Das neue Elektronische Stellwerk (ESTW) Rostock-Seehafen ist in Betrieb. Das neue ESTW f\u00fchrt sieben \u00e4ltere Stellwerke zusammen. Das Bauwerk wurde am 21.04.2026 offiziell eingeweiht und tr\u00e4gt k\u00fcnftig den Namen \u201eRoter Riese\u201c. Das ist das Ergebnis eines Wettbewerbs unter Besch\u00e4ftigten. Der Titel greift im Wesentlichen die Farbe des Geb\u00e4udes auf. Spatenstich war im April 2023. Das &hellip; <\/p>\n<p class=\"link-more\"><a href=\"http:\/\/www.railfreight.eu\/dr-ne\/2026-04-21-de-estw-rostock-seehafen-geht-in-betrieb\/\" class=\"more-link\"><span class=\"screen-reader-text\">\u201e[DE] ESTW Rostock-Seehafen geht in Betrieb\u201c<\/span> weiterlesen<\/a><\/p>\n","protected":false},"author":1,"featured_media":0,"comment_status":"open","ping_status":"open","sticky":false,"template":"","format":"standard","meta":{"footnotes":""},"categories":[193],"tags":[752,2525],"class_list":["post-66099","post","type-post","status-publish","format-standard","hentry","category-infrastruktur","tag-db-infrago-db-netz","tag-deutschland"],"_links":{"self":[{"href":"http:\/\/www.railfreight.eu\/dr-ne\/wp-json\/wp\/v2\/posts\/66099","targetHints":{"allow":["GET"]}}],"collection":[{"href":"http:\/\/www.railfreight.eu\/dr-ne\/wp-json\/wp\/v2\/posts"}],"about":[{"href":"http:\/\/www.railfreight.eu\/dr-ne\/wp-json\/wp\/v2\/types\/post"}],"author":[{"embeddable":true,"href":"http:\/\/www.railfreight.eu\/dr-ne\/wp-json\/wp\/v2\/users\/1"}],"replies":[{"embeddable":true,"href":"http:\/\/www.railfreight.eu\/dr-ne\/wp-json\/wp\/v2\/comments?post=66099"}],"version-history":[{"count":1,"href":"http:\/\/www.railfreight.eu\/dr-ne\/wp-json\/wp\/v2\/posts\/66099\/revisions"}],"predecessor-version":[{"id":66100,"href":"http:\/\/www.railfreight.eu\/dr-ne\/wp-json\/wp\/v2\/posts\/66099\/revisions\/66100"}],"wp:attachment":[{"href":"http:\/\/www.railfreight.eu\/dr-ne\/wp-json\/wp\/v2\/media?parent=66099"}],"wp:term":[{"taxonomy":"category","embeddable":true,"href":"http:\/\/www.railfreight.eu\/dr-ne\/wp-json\/wp\/v2\/categories?post=66099"},{"taxonomy":"post_tag","embeddable":true,"href":"http:\/\/www.railfreight.eu\/dr-ne\/wp-json\/wp\/v2\/tags?post=66099"}],"curies":[{"name":"wp","href":"https:\/\/api.w.org\/{rel}","templated":true}]}}