{"id":66105,"date":"2026-04-21T21:21:42","date_gmt":"2026-04-21T19:21:42","guid":{"rendered":"http:\/\/www.railfreight.eu\/dr-ne\/?p=66105"},"modified":"2026-04-21T21:21:42","modified_gmt":"2026-04-21T19:21:42","slug":"hu-heinczinger-neu-bei-pkp-cargo","status":"publish","type":"post","link":"http:\/\/www.railfreight.eu\/dr-ne\/2026-04-21-hu-heinczinger-neu-bei-pkp-cargo\/","title":{"rendered":"[HU] Heinczinger neu bei PKP CARGO"},"content":{"rendered":"\n<p>Tam\u00e1s Heinczinger ist zu PKP CARGO INTERNATIONAL HU als Head of the Commercial Department gewechselt. Zusammen mit Bogoslav Skierniewski (CEO) and Kamil Holenda (Vertriebsleiter) soll er zudem in der Gesch\u00e4ftsentwicklung forcieren und die internationale Zusammenarbeit in der Gruppe f\u00f6rdern.<\/p>\n\n\n\n<p>Heinczinger war zuvor bei der VTG-Tochter Retrack Hungaria (Gesch\u00e4ftsentwicklung) sowie CER Hungary (CEO bis M\u00e4rz 2021) sowie der Staatsbahn M\u00c1V t\u00e4tig.<\/p>\n\n\n\n<figure class=\"wp-block-image size-full\"><img loading=\"lazy\" decoding=\"async\" width=\"800\" height=\"599\" src=\"http:\/\/www.railfreight.eu\/dr-ne\/wp-content\/uploads\/2026\/04\/1776781029815.jpg\" alt=\"\" class=\"wp-image-66106\" srcset=\"http:\/\/www.railfreight.eu\/dr-ne\/wp-content\/uploads\/2026\/04\/1776781029815.jpg 800w, http:\/\/www.railfreight.eu\/dr-ne\/wp-content\/uploads\/2026\/04\/1776781029815-300x225.jpg 300w, http:\/\/www.railfreight.eu\/dr-ne\/wp-content\/uploads\/2026\/04\/1776781029815-768x575.jpg 768w\" sizes=\"auto, (max-width: 767px) 89vw, (max-width: 1000px) 54vw, (max-width: 1071px) 543px, 580px\" \/><figcaption class=\"wp-element-caption\">Von links: Bogoslav Skierniewski (CEO), Tam\u00e1s Heinczinger, &#8230; und Kamil Holenda. Foto: PKP CARGO INTERNATIONAL<\/figcaption><\/figure>\n","protected":false},"excerpt":{"rendered":"<p>Tam\u00e1s Heinczinger ist zu PKP CARGO INTERNATIONAL HU als Head of the Commercial Department gewechselt. Zusammen mit Bogoslav Skierniewski (CEO) and Kamil Holenda (Vertriebsleiter) soll er zudem in der Gesch\u00e4ftsentwicklung forcieren und die internationale Zusammenarbeit in der Gruppe f\u00f6rdern. Heinczinger war zuvor bei der VTG-Tochter Retrack Hungaria (Gesch\u00e4ftsentwicklung) sowie CER Hungary (CEO bis M\u00e4rz 2021) &hellip; <\/p>\n<p class=\"link-more\"><a href=\"http:\/\/www.railfreight.eu\/dr-ne\/2026-04-21-hu-heinczinger-neu-bei-pkp-cargo\/\" class=\"more-link\"><span class=\"screen-reader-text\">\u201e[HU] Heinczinger neu bei PKP CARGO\u201c<\/span> weiterlesen<\/a><\/p>\n","protected":false},"author":1,"featured_media":0,"comment_status":"open","ping_status":"open","sticky":false,"template":"","format":"standard","meta":{"footnotes":""},"categories":[2],"tags":[839,400,89],"class_list":["post-66105","post","type-post","status-publish","format-standard","hentry","category-personalien","tag-pkp-cargo-international","tag-retrack","tag-ungarn"],"_links":{"self":[{"href":"http:\/\/www.railfreight.eu\/dr-ne\/wp-json\/wp\/v2\/posts\/66105","targetHints":{"allow":["GET"]}}],"collection":[{"href":"http:\/\/www.railfreight.eu\/dr-ne\/wp-json\/wp\/v2\/posts"}],"about":[{"href":"http:\/\/www.railfreight.eu\/dr-ne\/wp-json\/wp\/v2\/types\/post"}],"author":[{"embeddable":true,"href":"http:\/\/www.railfreight.eu\/dr-ne\/wp-json\/wp\/v2\/users\/1"}],"replies":[{"embeddable":true,"href":"http:\/\/www.railfreight.eu\/dr-ne\/wp-json\/wp\/v2\/comments?post=66105"}],"version-history":[{"count":1,"href":"http:\/\/www.railfreight.eu\/dr-ne\/wp-json\/wp\/v2\/posts\/66105\/revisions"}],"predecessor-version":[{"id":66107,"href":"http:\/\/www.railfreight.eu\/dr-ne\/wp-json\/wp\/v2\/posts\/66105\/revisions\/66107"}],"wp:attachment":[{"href":"http:\/\/www.railfreight.eu\/dr-ne\/wp-json\/wp\/v2\/media?parent=66105"}],"wp:term":[{"taxonomy":"category","embeddable":true,"href":"http:\/\/www.railfreight.eu\/dr-ne\/wp-json\/wp\/v2\/categories?post=66105"},{"taxonomy":"post_tag","embeddable":true,"href":"http:\/\/www.railfreight.eu\/dr-ne\/wp-json\/wp\/v2\/tags?post=66105"}],"curies":[{"name":"wp","href":"https:\/\/api.w.org\/{rel}","templated":true}]}}