{"id":66148,"date":"2026-04-22T16:15:26","date_gmt":"2026-04-22T14:15:26","guid":{"rendered":"http:\/\/www.railfreight.eu\/dr-ne\/?p=66148"},"modified":"2026-04-23T11:16:26","modified_gmt":"2026-04-23T09:16:26","slug":"md-ro-grenzuebergang-prut-falciu-wiedereroeffnet","status":"publish","type":"post","link":"http:\/\/www.railfreight.eu\/dr-ne\/2026-04-22-md-ro-grenzuebergang-prut-falciu-wiedereroeffnet\/","title":{"rendered":"[MD\/RO] Grenz\u00fcbergang Prut \u2013 F\u0103lciu wiederer\u00f6ffnet"},"content":{"rendered":"\n<p>Am 22.04.2026 wurde mit einer offiziellen Testfahrt (die allererste Fahrt fand bereits am 11. April von 92 53 0 601088-3 RO-CFR MARFA statt) der Eisenbahnverkehr auf dem Abschnitt Prut-2 [MD] \u2013 F\u0103lciu [RO] wieder aufgenommen. Die Aufnahme des Regelverkehrs wird zu einem sp\u00e4teren Zeitpunkt bekannt gegeben. Der letzte G\u00fcterzug fuhr 1989 auf diesem Abschnitt, der Personenverkehr wurde 2009 eingestellt.<\/p>\n\n\n\n<p><a href=\"https:\/\/openrailwaymap.org\/?style=standard&amp;lat=46.26492611404508&amp;lon=28.144698143005368&amp;zoom=14\" target=\"_blank\" rel=\"noreferrer noopener\">https:\/\/openrailwaymap.org\/?style=standard&amp;lat=46.26492611404508&amp;lon=28.144698143005368&amp;zoom=14<\/a><\/p>\n\n\n\n<p>Die Wiederanbindung der Eisenbahninfrastruktur zwischen der Republik Moldau und Rum\u00e4nien stellt einen bedeutenden Schritt f\u00fcr die Nutzung des logistischen Potenzials der Region und in den Bem\u00fchungen dar, die Republik Moldau direkt mit dem europ\u00e4ischen Normalspurbahnnetz zu verbinden. Das Sanierungsprogramm zur Wiederaufnahme des Verkehrs wurde 2025 begonnen, einschlie\u00dflich des Austauschs von Schwellen und der Sanierung der Eisenbahnbr\u00fccke \u00fcber den Grenzfluss Prut.<\/p>\n\n\n\n<p>Der etwa 4 km lange Abschnitt der zwischen 1917 und 1918 gebauten Strecke hat eine strategische Lage an der Grenze zwischen der Republik Moldau und der Europ\u00e4ischen Union; die Wiederaufnahme des Bahnverkehrs auf diesem Abschnitt wird im Rahmen der Diversifizierung der Exportrouten f\u00fcr die Republik Moldau zu einer alternativen G\u00fctertransitroute, die den Hafen von Constan\u021ba mit der Republik Moldau und der Ukraine verbindet. Der Abschnitt wurde f\u00fcr die kombinierte europ\u00e4ische (1.435 mm) und breite Spurweite (1.520 mm) angepasst.<\/p>\n\n\n\n<p>Der zentrale Moment der Einweihung war die \u00dcberfahrt einer dieselelektrischen Lokomotive des Typs 060DA der neuen staatlichen Eisenbahngesellschaft in Rum\u00e4nien, Carpatica Feroviar Rom\u00e2nia, \u00fcber die restaurierte Eisenbahnbr\u00fccke. Die Ankunft dieses Zuges in Prut-2 symbolisiert die Funktionalit\u00e4t der neuen europ\u00e4ischen Spurweitenverbindung und ist gleichzeitig eine Premiere f\u00fcr das Eisenbahnsystem zwischen den beiden Staaten, da mit der Ma\u00dfnahme zur erheblichen Straffung der Zollabl\u00e4ufe und Transitoperationen die gemeinsame Kontrolle direkt auf rum\u00e4nischem Territorium erfolgen soll. Am Bahnhof Prut-2 wurden durch technische Pr\u00e4sentationen von Eisenbahnspezialisten die neuen Tarifrichtlinien detailliert dargestellt. Die pr\u00e4sentierten wirtschaftlichen Analysen zeigen, dass die Nutzung der neuen Route f\u00fcr den containerisierten Transport Betreibern erhebliche Kosteneinsparungen und k\u00fcrzere Transportzeiten bieten wird und so ein Teil der Frachtstr\u00f6me von bereits \u00fcberlasteten Stra\u00dfen- oder Hafenlogistikrouten umgeleitet werden kann.<\/p>\n\n\n\n<p>Desweiteren auf der Agenda der am 14.04.2025 unterzeichneten Absichtserkl\u00e4rung zwischen der CFR SA und der CFM stehen die Elektrifizierung der Strecke Ia\u0219i \u2013 Chi\u0219in\u0103u, die Modernisierung der Zollkontrolle in Ungheni sowie die Wiederaufnahme des Personenverkehrs zwischen Cahul und Gala\u021bi.<\/p>\n\n\n\n<figure class=\"wp-block-embed is-type-video is-provider-youtube wp-block-embed-youtube wp-embed-aspect-16-9 wp-has-aspect-ratio\"><div class=\"wp-block-embed__wrapper\">\n<iframe loading=\"lazy\" title=\"Trenul a trecut Prutul spre F\u0103lciu, dup\u0103 o pauz\u0103 de peste 30 de ani\" width=\"525\" height=\"295\" src=\"https:\/\/www.youtube.com\/embed\/XCHuFuX9WPw?feature=oembed\" frameborder=\"0\" allow=\"accelerometer; autoplay; clipboard-write; encrypted-media; gyroscope; picture-in-picture; web-share\" referrerpolicy=\"strict-origin-when-cross-origin\" allowfullscreen><\/iframe>\n<\/div><\/figure>\n","protected":false},"excerpt":{"rendered":"<p>Am 22.04.2026 wurde mit einer offiziellen Testfahrt (die allererste Fahrt fand bereits am 11. April von 92 53 0 601088-3 RO-CFR MARFA statt) der Eisenbahnverkehr auf dem Abschnitt Prut-2 [MD] \u2013 F\u0103lciu [RO] wieder aufgenommen. Die Aufnahme des Regelverkehrs wird zu einem sp\u00e4teren Zeitpunkt bekannt gegeben. Der letzte G\u00fcterzug fuhr 1989 auf diesem Abschnitt, der &hellip; <\/p>\n<p class=\"link-more\"><a href=\"http:\/\/www.railfreight.eu\/dr-ne\/2026-04-22-md-ro-grenzuebergang-prut-falciu-wiedereroeffnet\/\" class=\"more-link\"><span class=\"screen-reader-text\">\u201e[MD\/RO] Grenz\u00fcbergang Prut \u2013 F\u0103lciu wiederer\u00f6ffnet\u201c<\/span> weiterlesen<\/a><\/p>\n","protected":false},"author":1,"featured_media":0,"comment_status":"open","ping_status":"open","sticky":false,"template":"","format":"standard","meta":{"footnotes":""},"categories":[193],"tags":[300,2845,212],"class_list":["post-66148","post","type-post","status-publish","format-standard","hentry","category-infrastruktur","tag-cfr","tag-moldau","tag-rumaenien"],"_links":{"self":[{"href":"http:\/\/www.railfreight.eu\/dr-ne\/wp-json\/wp\/v2\/posts\/66148","targetHints":{"allow":["GET"]}}],"collection":[{"href":"http:\/\/www.railfreight.eu\/dr-ne\/wp-json\/wp\/v2\/posts"}],"about":[{"href":"http:\/\/www.railfreight.eu\/dr-ne\/wp-json\/wp\/v2\/types\/post"}],"author":[{"embeddable":true,"href":"http:\/\/www.railfreight.eu\/dr-ne\/wp-json\/wp\/v2\/users\/1"}],"replies":[{"embeddable":true,"href":"http:\/\/www.railfreight.eu\/dr-ne\/wp-json\/wp\/v2\/comments?post=66148"}],"version-history":[{"count":1,"href":"http:\/\/www.railfreight.eu\/dr-ne\/wp-json\/wp\/v2\/posts\/66148\/revisions"}],"predecessor-version":[{"id":66149,"href":"http:\/\/www.railfreight.eu\/dr-ne\/wp-json\/wp\/v2\/posts\/66148\/revisions\/66149"}],"wp:attachment":[{"href":"http:\/\/www.railfreight.eu\/dr-ne\/wp-json\/wp\/v2\/media?parent=66148"}],"wp:term":[{"taxonomy":"category","embeddable":true,"href":"http:\/\/www.railfreight.eu\/dr-ne\/wp-json\/wp\/v2\/categories?post=66148"},{"taxonomy":"post_tag","embeddable":true,"href":"http:\/\/www.railfreight.eu\/dr-ne\/wp-json\/wp\/v2\/tags?post=66148"}],"curies":[{"name":"wp","href":"https:\/\/api.w.org\/{rel}","templated":true}]}}