{"id":66152,"date":"2026-04-23T18:29:02","date_gmt":"2026-04-23T16:29:02","guid":{"rendered":"http:\/\/www.railfreight.eu\/dr-ne\/?p=66152"},"modified":"2026-04-23T18:29:14","modified_gmt":"2026-04-23T16:29:14","slug":"de-lineas-will-in-die-top-5","status":"publish","type":"post","link":"http:\/\/www.railfreight.eu\/dr-ne\/2026-04-23-de-lineas-will-in-die-top-5\/","title":{"rendered":"[DE] LINEAS will in die Top 5"},"content":{"rendered":"\n<p>Kaum wieder in die sch\u00fctzende Staatshand zur\u00fcckgekehrt schaltet die belgische G\u00fcterbahn LINEAS wieder auf Expansionskurs. Erik van Ockenburg, CEO von Lineas, sagte <a href=\"https:\/\/www.dvz.de\/unternehmen\/schiene\/detail\/news\/lineas-will-unter-die-top-5.html\" target=\"_blank\" rel=\"noreferrer noopener\">im Gespr\u00e4ch mit der DVZ<\/a>: \u201eWir wollen in Deutschland bis 2030 unter die Top 5 kommen, auch wenn das ein ambitioniertes Ziel ist.\u201c Derzeit befindet sich das Unternehmen nach DVZ-Recherchen auf Platz 13 (gemessen an den gefahrenen Trassenkilometern 2024). Im Blick sind dabei vor allem Kunden, die eine Alternative zur DB Cargo suchen.<\/p>\n\n\n\n<p>Die finanziell angeschlagene G\u00fcterbahn hatte mehrere Darlehen in dreistelliger Millionenh\u00f6he vom belgischen Staat erhalten, um eine Insolvenz zu verhindern. &#8222;Diese Entscheidung unterstreicht die strategische Bedeutung von Lineas f\u00fcr Belgien: ein zentraler Logistikakteur f\u00fcr hunderte Industrien in Schl\u00fcsselbereichen der Wirtschaft und ein Arbeitgeber mit mehr als 1.500 Besch\u00e4ftigten.&#8220; hie\u00df es damals in einer Presseaussendung. Interessant, dass mittels dieser Liquidit\u00e4t nun wieder zu Zeiten der sinkenden Frachtraten \/ Aufkommen sowie (preislich initiierten) R\u00fcckverlagerungen auf die Stra\u00dfe im Ausland Gesch\u00e4fte akquiriert werden sollen.<\/p>\n","protected":false},"excerpt":{"rendered":"<p>Kaum wieder in die sch\u00fctzende Staatshand zur\u00fcckgekehrt schaltet die belgische G\u00fcterbahn LINEAS wieder auf Expansionskurs. Erik van Ockenburg, CEO von Lineas, sagte im Gespr\u00e4ch mit der DVZ: \u201eWir wollen in Deutschland bis 2030 unter die Top 5 kommen, auch wenn das ein ambitioniertes Ziel ist.\u201c Derzeit befindet sich das Unternehmen nach DVZ-Recherchen auf Platz 13 &hellip; <\/p>\n<p class=\"link-more\"><a href=\"http:\/\/www.railfreight.eu\/dr-ne\/2026-04-23-de-lineas-will-in-die-top-5\/\" class=\"more-link\"><span class=\"screen-reader-text\">\u201e[DE] LINEAS will in die Top 5\u201c<\/span> weiterlesen<\/a><\/p>\n","protected":false},"author":1,"featured_media":0,"comment_status":"open","ping_status":"open","sticky":false,"template":"","format":"standard","meta":{"footnotes":""},"categories":[13],"tags":[2525,158],"class_list":["post-66152","post","type-post","status-publish","format-standard","hentry","category-unternehmen","tag-deutschland","tag-lineas"],"_links":{"self":[{"href":"http:\/\/www.railfreight.eu\/dr-ne\/wp-json\/wp\/v2\/posts\/66152","targetHints":{"allow":["GET"]}}],"collection":[{"href":"http:\/\/www.railfreight.eu\/dr-ne\/wp-json\/wp\/v2\/posts"}],"about":[{"href":"http:\/\/www.railfreight.eu\/dr-ne\/wp-json\/wp\/v2\/types\/post"}],"author":[{"embeddable":true,"href":"http:\/\/www.railfreight.eu\/dr-ne\/wp-json\/wp\/v2\/users\/1"}],"replies":[{"embeddable":true,"href":"http:\/\/www.railfreight.eu\/dr-ne\/wp-json\/wp\/v2\/comments?post=66152"}],"version-history":[{"count":1,"href":"http:\/\/www.railfreight.eu\/dr-ne\/wp-json\/wp\/v2\/posts\/66152\/revisions"}],"predecessor-version":[{"id":66153,"href":"http:\/\/www.railfreight.eu\/dr-ne\/wp-json\/wp\/v2\/posts\/66152\/revisions\/66153"}],"wp:attachment":[{"href":"http:\/\/www.railfreight.eu\/dr-ne\/wp-json\/wp\/v2\/media?parent=66152"}],"wp:term":[{"taxonomy":"category","embeddable":true,"href":"http:\/\/www.railfreight.eu\/dr-ne\/wp-json\/wp\/v2\/categories?post=66152"},{"taxonomy":"post_tag","embeddable":true,"href":"http:\/\/www.railfreight.eu\/dr-ne\/wp-json\/wp\/v2\/tags?post=66152"}],"curies":[{"name":"wp","href":"https:\/\/api.w.org\/{rel}","templated":true}]}}