{"id":66168,"date":"2026-04-23T13:04:00","date_gmt":"2026-04-23T11:04:00","guid":{"rendered":"http:\/\/www.railfreight.eu\/dr-ne\/?p=66168"},"modified":"2026-04-24T09:55:36","modified_gmt":"2026-04-24T07:55:36","slug":"rs-banjac-von-sinhron-rail-zu-log-rail","status":"publish","type":"post","link":"http:\/\/www.railfreight.eu\/dr-ne\/2026-04-23-rs-banjac-von-sinhron-rail-zu-log-rail\/","title":{"rendered":"[RS] Banjac von Sinhron Rail zu LOG RAIL"},"content":{"rendered":"\n<p>Branislav Banjac ist seit M\u00e4rz 2026 CEO und 25 %-Gesellschafter der LOG RAIL.SR d.o.o. als neu entstandener serbischer Ableger der kroatischen G\u00fcterbahn LOG RAIL. In Slowenien war bereits im vergangenen Jahr die LOG RAIL.SI an den Start gegangen.<br>Banjac war zuvor seit April 2021 Director of Development and Strategy bei Standard Logistic gewesen und hatte nach \u00dcbernahme der Sinhron Rail dort in Personalunion als Gesch\u00e4ftsf\u00fchrer agiert. Nach <a href=\"http:\/\/www.railfreight.eu\/dr-ne\/2026-01-05-rs-cer-steigt-bei-sinhron-rail-ein\/\" data-type=\"post\" data-id=\"62759\">mehrheitlichem Verkauf der Sinhron Rail an CER CARGO<\/a> \u00fcbernahm dort Ivica Vranki\u0107 die Gesch\u00e4ftsf\u00fchrung in Personalunion mit seinem CEO-Posten bei der CER CARGO in Kroatien.<\/p>\n","protected":false},"excerpt":{"rendered":"<p>Branislav Banjac ist seit M\u00e4rz 2026 CEO und 25 %-Gesellschafter der LOG RAIL.SR d.o.o. als neu entstandener serbischer Ableger der kroatischen G\u00fcterbahn LOG RAIL. In Slowenien war bereits im vergangenen Jahr die LOG RAIL.SI an den Start gegangen.Banjac war zuvor seit April 2021 Director of Development and Strategy bei Standard Logistic gewesen und hatte nach &hellip; <\/p>\n<p class=\"link-more\"><a href=\"http:\/\/www.railfreight.eu\/dr-ne\/2026-04-23-rs-banjac-von-sinhron-rail-zu-log-rail\/\" class=\"more-link\"><span class=\"screen-reader-text\">\u201e[RS] Banjac von Sinhron Rail zu LOG RAIL\u201c<\/span> weiterlesen<\/a><\/p>\n","protected":false},"author":1,"featured_media":0,"comment_status":"open","ping_status":"open","sticky":false,"template":"","format":"standard","meta":{"footnotes":""},"categories":[2],"tags":[2144,112,2504],"class_list":["post-66168","post","type-post","status-publish","format-standard","hentry","category-personalien","tag-log-rail","tag-serbien","tag-sinhron-rail"],"_links":{"self":[{"href":"http:\/\/www.railfreight.eu\/dr-ne\/wp-json\/wp\/v2\/posts\/66168","targetHints":{"allow":["GET"]}}],"collection":[{"href":"http:\/\/www.railfreight.eu\/dr-ne\/wp-json\/wp\/v2\/posts"}],"about":[{"href":"http:\/\/www.railfreight.eu\/dr-ne\/wp-json\/wp\/v2\/types\/post"}],"author":[{"embeddable":true,"href":"http:\/\/www.railfreight.eu\/dr-ne\/wp-json\/wp\/v2\/users\/1"}],"replies":[{"embeddable":true,"href":"http:\/\/www.railfreight.eu\/dr-ne\/wp-json\/wp\/v2\/comments?post=66168"}],"version-history":[{"count":2,"href":"http:\/\/www.railfreight.eu\/dr-ne\/wp-json\/wp\/v2\/posts\/66168\/revisions"}],"predecessor-version":[{"id":66170,"href":"http:\/\/www.railfreight.eu\/dr-ne\/wp-json\/wp\/v2\/posts\/66168\/revisions\/66170"}],"wp:attachment":[{"href":"http:\/\/www.railfreight.eu\/dr-ne\/wp-json\/wp\/v2\/media?parent=66168"}],"wp:term":[{"taxonomy":"category","embeddable":true,"href":"http:\/\/www.railfreight.eu\/dr-ne\/wp-json\/wp\/v2\/categories?post=66168"},{"taxonomy":"post_tag","embeddable":true,"href":"http:\/\/www.railfreight.eu\/dr-ne\/wp-json\/wp\/v2\/tags?post=66168"}],"curies":[{"name":"wp","href":"https:\/\/api.w.org\/{rel}","templated":true}]}}