{"id":66172,"date":"2026-04-24T11:13:00","date_gmt":"2026-04-24T09:13:00","guid":{"rendered":"http:\/\/www.railfreight.eu\/dr-ne\/?p=66172"},"modified":"2026-04-24T15:42:40","modified_gmt":"2026-04-24T13:42:40","slug":"de-baubeginn-erweiterung-hafenbahnhof-speckenbuettel","status":"publish","type":"post","link":"http:\/\/www.railfreight.eu\/dr-ne\/2026-04-24-de-baubeginn-erweiterung-hafenbahnhof-speckenbuettel\/","title":{"rendered":"[DE] Baubeginn Erweiterung Hafenbahnhof Speckenb\u00fcttel"},"content":{"rendered":"\n<p>Der aus 16 Vorstellgleisen bestehende Hafenbahnhof Bremerhaven-Speckenb\u00fcttel wird <a href=\"http:\/\/www.railfreight.eu\/dr-ne\/2024-11-26-de-bremerhaven-56-mio-fuer-die-hafeneisenbahn\/\" data-type=\"post\" data-id=\"51398\">wie im November 2024 beschlossen<\/a> um sieben zus\u00e4tzliche Vorstellgleise und ein elektronisches Stellwerk erweitert.<\/p>\n\n\n\n<p><a href=\"https:\/\/openrailwaymap.org\/?style=standard&amp;lat=53.59833733282763&amp;lon=8.569260835647583&amp;zoom=16\" target=\"_blank\" rel=\"noreferrer noopener\">https:\/\/openrailwaymap.org\/?style=standard&amp;lat=53.59833733282763&amp;lon=8.569260835647583&amp;zoom=16<\/a><\/p>\n\n\n\n<p>Am 20.04.2026 begann der Bau der neuen Vorstellgruppe (\u201e20er Harfe\u201c) der Bremischen Hafeneisenbahn im Bahnhofsteil Speckenb\u00fcttel. Die sieben neuen, zuglangen Gleise werden unmittelbar neben den bestehenden Gleisen 231\u2013248 errichtet. Der offizielle Spatenstich dazu erfolgte am Vormittag des 24.04.2026.<\/p>\n\n\n\n<p>Der Bahnhof Speckenb\u00fcttel ist der zentrale Knotenpunkt des Schieneng\u00fcterverkehrs in den Bremischen H\u00e4fen, \u00fcber die H\u00e4lfte des Container-Hinterlandverkehrs wird hier abgewickelt. Zudem rollen rund 80 % des RoRo-Umschlags \u00fcber die Gleise des Bahnhofs \u2013 von Autos \u00fcber landwirtschaftliche Ger\u00e4te bis zu Milit\u00e4rfahrzeugen.<\/p>\n\n\n\n<p>F\u00fcr die Baustellenlogistik ist die Sperrung der \u00e4u\u00dferen Umfahrungsgleise 131, 141, 161 und 273 erforderlich. Diese Gleise werden montags bis freitags \u2013 ausgenommen Feiertage \u2013 jeweils in der Zeit von 7 bis 18 Uhr durchgehend gesperrt. Zur betrieblichen Kompensation wird innerhalb der Gleisgruppe 231\u2013248 dauerhaft ein Gleis f\u00fcr Durchfahrten freigehalten. Damit bleiben die Bahnhofsteile Kaiserhafen und Nordhafen weiterhin ohne nennenswerte Einschr\u00e4nkungen erreichbar.<\/p>\n\n\n\n<p>Die Errichtung der neuen Vorstellgruppe dient der Kapazit\u00e4tserweiterung der Bremischen Hafeneisenbahn im Seehafen Bremerhaven. Die Gleise werden mit Oberleitungsanlagen ausgestattet und stehen k\u00fcnftig f\u00fcr ein- und ausfahrende Z\u00fcge zur Verf\u00fcgung.<\/p>\n\n\n\n<p>Die Leit- und Sicherungstechnik wird in das Stellwerk der DB InfraGO AG eingebunden, das voraussichtlich bis Anfang 2028 auf ein elektronisches Stellwerk (ESTW) umger\u00fcstet wird. Die Inbetriebnahme der neuen Vorstellgruppe ist f\u00fcr Ostern 2028 vorgesehen.<\/p>\n\n\n\n<figure class=\"wp-block-image size-full\"><img loading=\"lazy\" decoding=\"async\" width=\"840\" height=\"560\" src=\"http:\/\/www.railfreight.eu\/dr-ne\/wp-content\/uploads\/2026\/04\/20260424_Hafenbahn_Speckenbuettel-2.jpg.1042236.png\" alt=\"\" class=\"wp-image-66174\" srcset=\"http:\/\/www.railfreight.eu\/dr-ne\/wp-content\/uploads\/2026\/04\/20260424_Hafenbahn_Speckenbuettel-2.jpg.1042236.png 840w, http:\/\/www.railfreight.eu\/dr-ne\/wp-content\/uploads\/2026\/04\/20260424_Hafenbahn_Speckenbuettel-2.jpg.1042236-300x200.png 300w, http:\/\/www.railfreight.eu\/dr-ne\/wp-content\/uploads\/2026\/04\/20260424_Hafenbahn_Speckenbuettel-2.jpg.1042236-768x512.png 768w\" sizes=\"auto, (max-width: 767px) 89vw, (max-width: 1000px) 54vw, (max-width: 1071px) 543px, 580px\" \/><figcaption class=\"wp-element-caption\">Den Spatenstich \u00fcbernahmen unter anderem Bremerhavens B\u00fcrgermeister Torsten Neuhoff (2. von links), Hafensenatorin Kristina Vogt sowie Robert Howe, Gesch\u00e4ftsf\u00fchrer von Bremenports (2. von rechts) gemeinsam mit den Bauprojektpartnern. Foto: Bremenports<\/figcaption><\/figure>\n","protected":false},"excerpt":{"rendered":"<p>Der aus 16 Vorstellgleisen bestehende Hafenbahnhof Bremerhaven-Speckenb\u00fcttel wird wie im November 2024 beschlossen um sieben zus\u00e4tzliche Vorstellgleise und ein elektronisches Stellwerk erweitert. https:\/\/openrailwaymap.org\/?style=standard&amp;lat=53.59833733282763&amp;lon=8.569260835647583&amp;zoom=16 Am 20.04.2026 begann der Bau der neuen Vorstellgruppe (\u201e20er Harfe\u201c) der Bremischen Hafeneisenbahn im Bahnhofsteil Speckenb\u00fcttel. Die sieben neuen, zuglangen Gleise werden unmittelbar neben den bestehenden Gleisen 231\u2013248 errichtet. Der offizielle Spatenstich &hellip; <\/p>\n<p class=\"link-more\"><a href=\"http:\/\/www.railfreight.eu\/dr-ne\/2026-04-24-de-baubeginn-erweiterung-hafenbahnhof-speckenbuettel\/\" class=\"more-link\"><span class=\"screen-reader-text\">\u201e[DE] Baubeginn Erweiterung Hafenbahnhof Speckenb\u00fcttel\u201c<\/span> weiterlesen<\/a><\/p>\n","protected":false},"author":1,"featured_media":0,"comment_status":"open","ping_status":"open","sticky":false,"template":"","format":"standard","meta":{"footnotes":""},"categories":[193],"tags":[2525],"class_list":["post-66172","post","type-post","status-publish","format-standard","hentry","category-infrastruktur","tag-deutschland"],"_links":{"self":[{"href":"http:\/\/www.railfreight.eu\/dr-ne\/wp-json\/wp\/v2\/posts\/66172","targetHints":{"allow":["GET"]}}],"collection":[{"href":"http:\/\/www.railfreight.eu\/dr-ne\/wp-json\/wp\/v2\/posts"}],"about":[{"href":"http:\/\/www.railfreight.eu\/dr-ne\/wp-json\/wp\/v2\/types\/post"}],"author":[{"embeddable":true,"href":"http:\/\/www.railfreight.eu\/dr-ne\/wp-json\/wp\/v2\/users\/1"}],"replies":[{"embeddable":true,"href":"http:\/\/www.railfreight.eu\/dr-ne\/wp-json\/wp\/v2\/comments?post=66172"}],"version-history":[{"count":2,"href":"http:\/\/www.railfreight.eu\/dr-ne\/wp-json\/wp\/v2\/posts\/66172\/revisions"}],"predecessor-version":[{"id":66175,"href":"http:\/\/www.railfreight.eu\/dr-ne\/wp-json\/wp\/v2\/posts\/66172\/revisions\/66175"}],"wp:attachment":[{"href":"http:\/\/www.railfreight.eu\/dr-ne\/wp-json\/wp\/v2\/media?parent=66172"}],"wp:term":[{"taxonomy":"category","embeddable":true,"href":"http:\/\/www.railfreight.eu\/dr-ne\/wp-json\/wp\/v2\/categories?post=66172"},{"taxonomy":"post_tag","embeddable":true,"href":"http:\/\/www.railfreight.eu\/dr-ne\/wp-json\/wp\/v2\/tags?post=66172"}],"curies":[{"name":"wp","href":"https:\/\/api.w.org\/{rel}","templated":true}]}}