{"id":7747,"date":"2020-01-28T09:08:38","date_gmt":"2020-01-28T08:08:38","guid":{"rendered":"http:\/\/www.railfreight.eu\/dr-ne\/?p=7747"},"modified":"2020-10-04T18:49:11","modified_gmt":"2020-10-04T16:49:11","slug":"milsped-fuer-daimler","status":"publish","type":"post","link":"http:\/\/www.railfreight.eu\/dr-ne\/2020-01-28-milsped-fuer-daimler\/","title":{"rendered":"Milsped f\u00fcr Daimler"},"content":{"rendered":"\n<p>Die serbische Unternehmensgruppe Milsped AML hat von November 2019 bis Ende Januar 2020 25 Z\u00fcge f\u00fcr den Daimler-Konzern organisiert. Ausgehend vom Mercedes-Benz-Werk in Kecskem\u00e9t, Ungarn, verkehrten die Leistungen meist in den belgischen Hafen Zeebrugge. Den Abschnitt Hegyeshalom &#8211; Aachen West traktionierte ecco-rail, in Belgien \u00fcbernahm HSL Logistik.<\/p>\n\n\n\n<figure class=\"wp-block-embed-flickr wp-block-embed is-type-photo is-provider-flickr\"><div class=\"wp-block-embed__wrapper\">\nhttps:\/\/www.flickr.com\/photos\/92785975@N04\/49414983643\/\n<\/div><figcaption>Quelle: https:\/\/www.flickr.com\/photos\/92785975@N04\/49414983643\/<\/figcaption><\/figure>\n","protected":false},"excerpt":{"rendered":"<p>Die serbische Unternehmensgruppe Milsped AML hat von November 2019 bis Ende Januar 2020 25 Z\u00fcge f\u00fcr den Daimler-Konzern organisiert. Ausgehend vom Mercedes-Benz-Werk in Kecskem\u00e9t, Ungarn, verkehrten die Leistungen meist in den belgischen Hafen Zeebrugge. Den Abschnitt Hegyeshalom &#8211; Aachen West traktionierte ecco-rail, in Belgien \u00fcbernahm HSL Logistik.<\/p>\n","protected":false},"author":1,"featured_media":0,"comment_status":"open","ping_status":"open","sticky":false,"template":"","format":"standard","meta":{"footnotes":""},"categories":[32],"tags":[231,159,198,797,89],"class_list":["post-7747","post","type-post","status-publish","format-standard","hentry","category-verkehr","tag-automotive","tag-belgien","tag-ecco-rail","tag-milsped","tag-ungarn"],"_links":{"self":[{"href":"http:\/\/www.railfreight.eu\/dr-ne\/wp-json\/wp\/v2\/posts\/7747","targetHints":{"allow":["GET"]}}],"collection":[{"href":"http:\/\/www.railfreight.eu\/dr-ne\/wp-json\/wp\/v2\/posts"}],"about":[{"href":"http:\/\/www.railfreight.eu\/dr-ne\/wp-json\/wp\/v2\/types\/post"}],"author":[{"embeddable":true,"href":"http:\/\/www.railfreight.eu\/dr-ne\/wp-json\/wp\/v2\/users\/1"}],"replies":[{"embeddable":true,"href":"http:\/\/www.railfreight.eu\/dr-ne\/wp-json\/wp\/v2\/comments?post=7747"}],"version-history":[{"count":2,"href":"http:\/\/www.railfreight.eu\/dr-ne\/wp-json\/wp\/v2\/posts\/7747\/revisions"}],"predecessor-version":[{"id":7750,"href":"http:\/\/www.railfreight.eu\/dr-ne\/wp-json\/wp\/v2\/posts\/7747\/revisions\/7750"}],"wp:attachment":[{"href":"http:\/\/www.railfreight.eu\/dr-ne\/wp-json\/wp\/v2\/media?parent=7747"}],"wp:term":[{"taxonomy":"category","embeddable":true,"href":"http:\/\/www.railfreight.eu\/dr-ne\/wp-json\/wp\/v2\/categories?post=7747"},{"taxonomy":"post_tag","embeddable":true,"href":"http:\/\/www.railfreight.eu\/dr-ne\/wp-json\/wp\/v2\/tags?post=7747"}],"curies":[{"name":"wp","href":"https:\/\/api.w.org\/{rel}","templated":true}]}}