{"id":9313,"date":"2020-10-10T17:10:27","date_gmt":"2020-10-10T15:10:27","guid":{"rendered":"http:\/\/www.railfreight.eu\/dr-ne\/?p=9313"},"modified":"2020-10-10T17:17:01","modified_gmt":"2020-10-10T15:17:01","slug":"cd-cargo-ruebenkampagne-eroeffnet","status":"publish","type":"post","link":"http:\/\/www.railfreight.eu\/dr-ne\/2020-10-10-cd-cargo-ruebenkampagne-eroeffnet\/","title":{"rendered":"\u010cD Cargo: R\u00fcbenkampagne er\u00f6ffnet"},"content":{"rendered":"\n<p>Am 07.10.2020 begann die aktuelle R\u00fcbenkampagne der \u010cD Cargo mit einer Verladung in der slowakischen Stadt Skalice. In der vergangenen Kampagne brachte die G\u00fcterbahn 170.000 t aus Tschechien, der Slowakei und \u00d6sterreich zur Zuckerfabrik in Hru\u0161ovany nad Jevi\u0161ovkou.<\/p>\n\n\n\n<figure><iframe loading=\"lazy\" src=\"https:\/\/www.google.com\/maps\/embed?pb=!1m18!1m12!1m3!1d2629105.7909008255!2d14.747990544344232!3d50.08515432872947!2m3!1f0!2f0!3f0!3m2!1i1024!2i768!4f13.1!3m3!1m2!1s0x476d4aeffa8811d7%3A0x2260bb514256db16!2sHru%C5%A1ovany%20nad%20Jevi%C5%A1ovkou%2C%20cukrovar!5e0!3m2!1sde!2sde!4v1602343327170!5m2!1sde!2sde\" allowfullscreen=\"\" width=\"600\" height=\"450\"><\/iframe><\/figure>\n\n\n\n<figure><iframe loading=\"lazy\" src=\"https:\/\/www.google.com\/maps\/embed?pb=!1m18!1m12!1m3!1d4761.083471978698!2d16.401123124640403!3d48.81153125411971!2m3!1f0!2f0!3f0!3m2!1i1024!2i768!4f13.1!3m3!1m2!1s0x476d4aeffa8811d7%3A0x2260bb514256db16!2sHru%C5%A1ovany%20nad%20Jevi%C5%A1ovkou%2C%20cukrovar!5e1!3m2!1sde!2sde!4v1602343293464!5m2!1sde!2sde\" allowfullscreen=\"\" width=\"600\" height=\"450\"><\/iframe><\/figure>\n\n\n\n<figure class=\"wp-block-image\"><a href=\"https:\/\/www.cdcargo.cz\/documents\/10179\/3652900\/Repa1.jpg\/457a9db6-40c4-49de-8121-c422ca98675c?t=1602157021749\"><img decoding=\"async\" src=\"https:\/\/www.cdcargo.cz\/documents\/10179\/3652900\/Repa1.jpg\/457a9db6-40c4-49de-8121-c422ca98675c?t=1602157021749\" alt=\"\"\/><\/a><figcaption>Entladung in der  Zuckerfabrik Hru\u0161ovany nad  Jevi\u0161ovkou.<\/figcaption><\/figure>\n\n\n\n<figure class=\"wp-block-image\"><a href=\"https:\/\/www.cdcargo.cz\/documents\/10179\/3652900\/Repa2.jpg\/7d9357a3-acd4-4c16-992b-ec656f10cef6?t=1602157026151\"><img decoding=\"async\" src=\"https:\/\/www.cdcargo.cz\/documents\/10179\/3652900\/Repa2.jpg\/7d9357a3-acd4-4c16-992b-ec656f10cef6?t=1602157026151\" alt=\"\"\/><\/a><figcaption>In Tschechien und der Slowakei setzt \u010cD Cargo Dieselloks der Baureihe 742 zur Traktion ein.<\/figcaption><\/figure>\n","protected":false},"excerpt":{"rendered":"<p>Am 07.10.2020 begann die aktuelle R\u00fcbenkampagne der \u010cD Cargo mit einer Verladung in der slowakischen Stadt Skalice. In der vergangenen Kampagne brachte die G\u00fcterbahn 170.000 t aus Tschechien, der Slowakei und \u00d6sterreich zur Zuckerfabrik in Hru\u0161ovany nad Jevi\u0161ovkou.<\/p>\n","protected":false},"author":1,"featured_media":0,"comment_status":"open","ping_status":"open","sticky":false,"template":"","format":"standard","meta":{"footnotes":""},"categories":[32],"tags":[326,88,236,129],"class_list":["post-9313","post","type-post","status-publish","format-standard","hentry","category-verkehr","tag-cd-cargo","tag-oesterreich","tag-slowakei","tag-tschechien"],"_links":{"self":[{"href":"http:\/\/www.railfreight.eu\/dr-ne\/wp-json\/wp\/v2\/posts\/9313","targetHints":{"allow":["GET"]}}],"collection":[{"href":"http:\/\/www.railfreight.eu\/dr-ne\/wp-json\/wp\/v2\/posts"}],"about":[{"href":"http:\/\/www.railfreight.eu\/dr-ne\/wp-json\/wp\/v2\/types\/post"}],"author":[{"embeddable":true,"href":"http:\/\/www.railfreight.eu\/dr-ne\/wp-json\/wp\/v2\/users\/1"}],"replies":[{"embeddable":true,"href":"http:\/\/www.railfreight.eu\/dr-ne\/wp-json\/wp\/v2\/comments?post=9313"}],"version-history":[{"count":5,"href":"http:\/\/www.railfreight.eu\/dr-ne\/wp-json\/wp\/v2\/posts\/9313\/revisions"}],"predecessor-version":[{"id":9322,"href":"http:\/\/www.railfreight.eu\/dr-ne\/wp-json\/wp\/v2\/posts\/9313\/revisions\/9322"}],"wp:attachment":[{"href":"http:\/\/www.railfreight.eu\/dr-ne\/wp-json\/wp\/v2\/media?parent=9313"}],"wp:term":[{"taxonomy":"category","embeddable":true,"href":"http:\/\/www.railfreight.eu\/dr-ne\/wp-json\/wp\/v2\/categories?post=9313"},{"taxonomy":"post_tag","embeddable":true,"href":"http:\/\/www.railfreight.eu\/dr-ne\/wp-json\/wp\/v2\/tags?post=9313"}],"curies":[{"name":"wp","href":"https:\/\/api.w.org\/{rel}","templated":true}]}}